{"id":12642,"date":"2026-01-26T09:37:10","date_gmt":"2026-01-26T07:37:10","guid":{"rendered":"https:\/\/jztl.pl\/?p=12642"},"modified":"2026-01-26T09:37:10","modified_gmt":"2026-01-26T07:37:10","slug":"ksef-od-1-lutego-2026-dlaczego-to-nie-jest-kolejny-format-faktury-tylko-zmiana-modelu-obrotu","status":"publish","type":"post","link":"https:\/\/jztl.pl\/en\/bez-kategorii\/ksef-od-1-lutego-2026-dlaczego-to-nie-jest-kolejny-format-faktury-tylko-zmiana-modelu-obrotu\/","title":{"rendered":"KSeF od 1 lutego 2026: dlaczego to nie jest \u201ekolejny format faktury\u201d, tylko zmiana modelu obrotu"},"content":{"rendered":"<p data-start=\"101\" data-end=\"770\">Krajowy System e-Faktur (KSeF) przenosi faktur\u0119 z obiegu \u201eplikowego\u201d, w kt\u00f3rym dokument najcz\u0119\u015bciej kr\u0105\u017cy jako PDF wysy\u0142any mailem, do obiegu \u201esystemowego\u201d. W tym modelu faktura staje si\u0119 rekordem w centralnej bazie Ministerstwa Finans\u00f3w. Orygina\u0142em przestaje by\u0107 wydruk czy plik PDF, a staje si\u0119 nim ustrukturyzowany plik XML przechowywany w infrastrukturze MF, natomiast PDF jest jedynie wizualizacj\u0105 danych. W praktyce ta r\u00f3\u017cnica natychmiast odbija si\u0119 na procesach firmowych: moment wystawienia, dor\u0119czenia, korekt czy archiwizacji zaczyna wynika\u0107 z faktu przyj\u0119cia dokumentu przez system i nadania mu numeru KSeF, a nie z tego, kiedy kto\u015b klikn\u0105\u0142 \u201ewy\u015blij\u201d w mailu.<\/p>\n<h2 data-start=\"772\" data-end=\"901\">Harmonogram obowi\u0105zku dla firm: kto wchodzi 1 lutego 2026, a kto 1 kwietnia 2026, i dlaczego sp\u00f3\u0142ki musz\u0105 by\u0107 gotowe wcze\u015bniej<\/h2>\n<p data-start=\"903\" data-end=\"1271\">Obowi\u0105zkowy KSeF jest wdra\u017cany etapami. Od 1 lutego 2026 r. obowi\u0105zek obejmie przedsi\u0119biorc\u00f3w, kt\u00f3rych warto\u015b\u0107 sprzeda\u017cy (z VAT) w 2025 r. przekroczy\u0142a 200 mln z\u0142, a od 1 kwietnia 2026 r. pozosta\u0142ych przedsi\u0119biorc\u00f3w. Dla wielu sp\u00f3\u0142ek z o.o. oznacza to teoretyczn\u0105 \u201ed\u0142u\u017csz\u0105\u201d drog\u0119 do obowi\u0105zku wystawiania e-faktur, ale w praktyce przygotowania trzeba zacz\u0105\u0107 wcze\u015bniej.<\/p>\n<p data-start=\"1273\" data-end=\"1781\">Kluczowe jest bowiem to, \u017ce odroczenie dotyczy przede wszystkim \u201ewystawiania\u201d, a nie \u201eodbierania\u201d faktur w KSeF. Innymi s\u0142owy: nawet je\u015bli sp\u00f3\u0142ka wejdzie w obowi\u0105zek wystawiania dopiero od 1 kwietnia 2026 r., to ju\u017c w okresie od 1 lutego do 31 marca 2026 r. mo\u017ce otrzymywa\u0107 faktury od kontrahent\u00f3w, kt\u00f3rzy obligatoryjnie fakturuj\u0105 w KSeF od lutego. A to oznacza, \u017ce trzeba mie\u0107 gotowy dost\u0119p, proces pobierania i ksi\u0119gowania dokument\u00f3w oraz mechanizmy kontroli, aby faktury nie \u201eucieka\u0142y\u201d w obiegu zakupowym.<\/p>\n<h2 data-start=\"1783\" data-end=\"1883\">Co konkretnie zmienia si\u0119 w \u201e\u017cyciu\u201d faktury: data wystawienia, data dor\u0119czenia i brak powiadomie\u0144<\/h2>\n<p data-start=\"1885\" data-end=\"2537\">W KSeF data wystawienia faktury jest co do zasady zwi\u0105zana z dat\u0105 przes\u0142ania dokumentu do systemu. System nie dzia\u0142a jak edytor, w kt\u00f3rym mo\u017cna swobodnie \u201eustawi\u0107\u201d przysz\u0142\u0105 dat\u0119 \u2013 liczy si\u0119 moment zasilenia KSeF i prawid\u0142owego przyj\u0119cia faktury. Z kolei za moment otrzymania faktury uznaje si\u0119 nadanie numeru KSeF, bez potrzeby logowania si\u0119 przez nabywc\u0119 czy potwierdzania odbioru. Dla dzia\u0142u finans\u00f3w i os\u00f3b zarz\u0105dzaj\u0105cych p\u0142ynno\u015bci\u0105 ma to bardzo konkretne znaczenie: kontrola termin\u00f3w p\u0142atno\u015bci, akceptacji koszt\u00f3w, obiegu dokument\u00f3w i rozlicze\u0144 VAT zaczyna opiera\u0107 si\u0119 na zdarzeniu systemowym, a nie na \u201edacie maila\u201d lub \u201edacie wp\u0142ywu na skrzynk\u0119\u201d.<\/p>\n<p data-start=\"2539\" data-end=\"3054\">Warto te\u017c uporz\u0105dkowa\u0107 oczekiwania biznesowe. KSeF sam w sobie nie wysy\u0142a nabywcy powiadomie\u0144 o nowych fakturach, wi\u0119c sp\u00f3\u0142ka musi polega\u0107 na integracji systemowej, w kt\u00f3rej program ksi\u0119gowy cyklicznie pobiera dokumenty, albo na dodatkowej komunikacji z kontrahentem, na przyk\u0142ad poprzez przesy\u0142anie numeru KSeF, wizualizacji faktury czy informacji mailowej. Bez tego \u0142atwo wpa\u015b\u0107 w z\u0142udne przekonanie, \u017ce \u201esystem sam powie, \u017ce co\u015b przysz\u0142o\u201d, co w praktyce mo\u017ce skutkowa\u0107 op\u00f3\u017anieniami w ksi\u0119gowaniu lub p\u0142atno\u015bciach.<\/p>\n<h2 data-start=\"3056\" data-end=\"3157\">FA(3) od 1 lutego 2026: jedna struktura, jeden j\u0119zyk danych i konsekwencje dla system\u00f3w ksi\u0119gowych<\/h2>\n<p data-start=\"3159\" data-end=\"3707\">Od 1 lutego 2026 r. obowi\u0105zuj\u0105cym wzorem faktury ustrukturyzowanej ma by\u0107 struktura logiczna FA(3), kt\u00f3ra zast\u0119puje FA(2). Z perspektywy sp\u00f3\u0142ki to nie jest kosmetyka, tylko wym\u00f3g techniczny o realnych konsekwencjach. O przyj\u0119ciu faktury przez system nie decyduje \u201e\u0142adny PDF\u201d, lecz poprawno\u015b\u0107 danych w pliku XML zgodnym ze schem\u0105. To wymusza weryfikacj\u0119, czy wykorzystywany program fakturowy, system ERP lub narz\u0119dzie ksi\u0119gowe potrafi poprawnie generowa\u0107 faktury wed\u0142ug nowej struktury oraz czy integracja jest gotowa na przesy\u0142 i odbi\u00f3r dokument\u00f3w.<\/p>\n<p data-start=\"3709\" data-end=\"4312\">W sp\u00f3\u0142kach, kt\u00f3re maj\u0105 bardziej z\u0142o\u017cone modele rozlicze\u0144, ryzyka zwykle ujawniaj\u0105 si\u0119 na styku \u201edanych biznesowych\u201d i p\u00f3l schemy. Dotyczy to szczeg\u00f3lnie zaliczek, rozlicze\u0144 walutowych, sprzeda\u017cy w modelach mieszanych czy transakcji o niestandardowych rolach stron. W praktyce cz\u0119stym problemem bywa niepoprawne mapowanie danych kontrahenta, zw\u0142aszcza identyfikator\u00f3w podatkowych. Przy polskim NIP powinien on trafi\u0107 w dedykowane pole NIP, poniewa\u017c wpisanie go w inne pole identyfikacyjne potrafi utrudni\u0107 odbi\u00f3r dokumentu i psuje automatyzacj\u0119, kt\u00f3ra w KSeF ma by\u0107 jednym z g\u0142\u00f3wnych cel\u00f3w ca\u0142ej reformy.<\/p>\n<h2 data-start=\"4314\" data-end=\"4424\">Rejestracja sp\u00f3\u0142ki i dost\u0119p do KSeF: ZAW-FA, uprawnienia, certyfikaty i \u201ekto naprawd\u0119 ma klucze do systemu\u201d<\/h2>\n<p data-start=\"4426\" data-end=\"4763\">W sp\u00f3\u0142kach temat KSeF zaczyna si\u0119 od uprawnie\u0144, bo w odr\u00f3\u017cnieniu od JDG nie ma tu \u201ejednej osoby, kt\u00f3ra jest firm\u0105\u201d. Najcz\u0119\u015bciej oznacza to z\u0142o\u017cenie zawiadomienia ZAW-FA, aby wskaza\u0107 osoby uprawnione do dzia\u0142ania w KSeF w ramach NIP sp\u00f3\u0142ki, a nast\u0119pnie zarz\u0105dzanie uprawnieniami w systemie i powi\u0105zanie dost\u0119pu z u\u017cywanym oprogramowaniem.<\/p>\n<p data-start=\"4765\" data-end=\"5346\">Z perspektywy operacyjnej sp\u00f3\u0142ka ma dwa r\u00f3wnoleg\u0142e w\u0105tki, kt\u00f3re musz\u0105 si\u0119 spotka\u0107. Pierwszy jest formalny: kto w sp\u00f3\u0142ce nadaje uprawnienia (zwykle zarz\u0105d), komu je nadaje (ksi\u0119gowo\u015b\u0107 wewn\u0119trzna, biuro rachunkowe, konkretne osoby) oraz jak zabezpiecza rotacj\u0119 pracownik\u00f3w i wsp\u00f3\u0142pracownik\u00f3w, czyli w jaki spos\u00f3b uprawnienia s\u0105 odbierane przy zmianach kadrowych. Drugi w\u0105tek jest techniczny: czy sp\u00f3\u0142ka korzysta z narz\u0119dzi MF, czy z systemu komercyjnego, oraz jak wygl\u0105da autoryzacja, na przyk\u0142ad przez profil zaufany, podpis kwalifikowany, piecz\u0119\u0107 elektroniczn\u0105 lub certyfikat KSeF.<\/p>\n<p data-start=\"5348\" data-end=\"5765\">W praktyce wiele wdro\u017ce\u0144 \u201estaje\u201d w jednym, bardzo konkretnym miejscu. Formalnie sp\u00f3\u0142ka ma ju\u017c nadane uprawnienia, ale technicznie system nie potrafi wysy\u0142a\u0107 i pobiera\u0107 faktur, bo nie podpi\u0119to prawid\u0142owo certyfikatu do programu ksi\u0119gowego lub integracji. Warto wi\u0119c od pocz\u0105tku rozdzieli\u0107 odpowiedzialno\u015bci: kto odpowiada za stron\u0119 formaln\u0105 w KSeF, a kto za stron\u0119 techniczn\u0105 po stronie dostawcy oprogramowania lub IT.<\/p>\n<h2 data-start=\"5767\" data-end=\"5868\">Jak przygotowa\u0107 sp\u00f3\u0142k\u0119 do e-faktur w praktyce: procesy, IT i ksi\u0119gowo\u015b\u0107 musz\u0105 zagra\u0107 jednym rytmem<\/h2>\n<p data-start=\"5870\" data-end=\"6412\">Je\u017celi KSeF ma dzia\u0142a\u0107 bez b\u00f3lu, sp\u00f3\u0142ka powinna potraktowa\u0107 to jako projekt procesowy, a nie jako \u201ew\u0142\u0105cznik w programie\u201d. Po stronie sprzeda\u017cy trzeba urealni\u0107 moment wystawienia i \u201ewysy\u0142ki\u201d faktury, bo dokument w sensie prawnym i podatkowym zaczyna funkcjonowa\u0107 dopiero po przyj\u0119ciu przez KSeF i nadaniu numeru. Po stronie zakup\u00f3w konieczne jest uporz\u0105dkowanie pobierania faktur i kontroli, aby nie doprowadzi\u0107 do sytuacji, w kt\u00f3rej faktury s\u0105 ksi\u0119gowane automatycznie \u201ebo przysz\u0142y z systemu\u201d, mimo \u017ce merytorycznie nie zosta\u0142y zweryfikowane.<\/p>\n<p data-start=\"6414\" data-end=\"6884\">Warto te\u017c pami\u0119ta\u0107 o zdarzeniach, kt\u00f3re w codziennej praktyce wyst\u0119puj\u0105 cz\u0119\u015bciej, ni\u017c przedsi\u0119biorcy zak\u0142adaj\u0105, czyli o przerwach technicznych i czasowej niedost\u0119pno\u015bci komponent\u00f3w systemu. Takie przerwy mog\u0105 blokowa\u0107 czynno\u015bci administracyjne i testy, dlatego nadawanie uprawnie\u0144, konfiguracj\u0119 certyfikat\u00f3w i integracj\u0119 dobrze planowa\u0107 z wyprzedzeniem, a nie odk\u0142ada\u0107 na \u201eostatni tydzie\u0144\u201d, kiedy ka\u017cdy b\u0142\u0105d czy niedost\u0119pno\u015b\u0107 systemu potrafi sparali\u017cowa\u0107 gotowo\u015b\u0107 firmy.<\/p>\n<h2 data-start=\"6886\" data-end=\"6981\">Korekty w KSeF i koniec not koryguj\u0105cych: jedna odpowiedzialno\u015b\u0107, jeden kana\u0142 naprawy b\u0142\u0119d\u00f3w<\/h2>\n<p data-start=\"6983\" data-end=\"7605\">Wraz z wej\u015bciem obowi\u0105zkowego KSeF przewidziano uchylenie przepis\u00f3w o notach koryguj\u0105cych, co ma bardzo praktyczne konsekwencje. Nabywca nie \u201epoprawi\u201d ju\u017c sam prostych danych formalnych, nawet je\u015bli b\u0142\u0105d jest oczywisty i pozornie drobny. Ka\u017cda zmiana faktury, kt\u00f3ra otrzyma\u0142a numer KSeF, b\u0119dzie wymaga\u0142a faktury koryguj\u0105cej wystawionej przez sprzedawc\u0119, a system oczekuje powi\u0105zania z faktur\u0105 pierwotn\u0105 poprzez numer KSeF, je\u015bli zosta\u0142 nadany. To przesuwa ci\u0119\u017car odpowiedzialno\u015bci za formaln\u0105 poprawno\u015b\u0107 dokumentu na wystawc\u0119 i wymusza u sp\u00f3\u0142ek inny, bardziej uporz\u0105dkowany tryb reklamowania b\u0142\u0119d\u00f3w w fakturach zakupowych.<\/p>\n<h2 data-start=\"7607\" data-end=\"7691\">Awarie i tryby offline: co wolno, kiedy wolno i jakie s\u0105 terminy dos\u0142ania do KSeF<\/h2>\n<p data-start=\"7693\" data-end=\"8310\">Ustawodawca przewidzia\u0142 scenariusze \u201ekryzysowe\u201d, w kt\u00f3rych faktury wystawia si\u0119 poza KSeF, ale nadal w formacie zgodnym ze wzorem faktury ustrukturyzowanej, a nast\u0119pnie dosy\u0142a do systemu. W przypadku awarii og\u0142oszonej przez Ministerstwo Finans\u00f3w stosuje si\u0119 tryb awaryjny, w przypadku planowanej niedost\u0119pno\u015bci systemu funkcjonuje tryb offline, a w sytuacji problem\u00f3w po stronie podatnika, na przyk\u0142ad z dost\u0119pem do internetu czy systemem ERP, stosuje si\u0119 tryb offline24. W tym ostatnim przypadku istotne jest to, \u017ce faktury trzeba dos\u0142a\u0107 do KSeF zasadniczo najp\u00f3\u017aniej w nast\u0119pnym dniu roboczym po ustaniu przeszkody.<\/p>\n<p data-start=\"8312\" data-end=\"8764\">W trybie offline24 szczeg\u00f3lne znaczenie maj\u0105 kody QR, poniewa\u017c maj\u0105 umo\u017cliwia\u0107 weryfikacj\u0119 faktury oraz potwierdzenie to\u017csamo\u015bci wystawcy. W praktyce oznacza to, \u017ce \u201efaktura awaryjna\u201d nie mo\u017ce by\u0107 dowolnym PDF-em wygenerowanym r\u0119cznie. Musi powsta\u0107 w re\u017cimie technicznym KSeF, a sp\u00f3\u0142ka powinna mie\u0107 jasn\u0105 procedur\u0119, kto i w jakich sytuacjach uruchamia tryb offline, jak dokumentuje przyczyn\u0119 oraz kto pilnuje terminowego dos\u0142ania dokument\u00f3w do systemu.<\/p>\n<h2 data-start=\"8766\" data-end=\"8861\">Wy\u0142\u0105czenia i okres przej\u015bciowy: B2C, kasy fiskalne, podmioty zagraniczne i najmniejsze firmy<\/h2>\n<p data-start=\"8863\" data-end=\"9459\">Nie wszystko w 2026 r. automatycznie \u201ewpada\u201d do KSeF. Faktury dla konsument\u00f3w (B2C) co do zasady nie s\u0105 obj\u0119te obowi\u0105zkiem, cho\u0107 dopuszczalne jest korzystanie z KSeF dobrowolnie, przy czym i tak trzeba zapewni\u0107 konsumentowi realne dor\u0119czenie dokumentu. Do ko\u0144ca 2026 r. przewidziano te\u017c rozwi\u0105zania przej\u015bciowe dotycz\u0105ce faktur wystawianych przy zastosowaniu kas rejestruj\u0105cych oraz paragon\u00f3w z NIP do 450 z\u0142. Dodatkowo cz\u0119\u015b\u0107 podmiot\u00f3w zagranicznych, kt\u00f3re nie maj\u0105 w Polsce siedziby ani sta\u0142ego miejsca prowadzenia dzia\u0142alno\u015bci, nie b\u0119dzie obj\u0119ta obowi\u0105zkiem nawet przy posiadaniu polskiego NIP.<\/p>\n<p data-start=\"9461\" data-end=\"9807\">W oficjalnych za\u0142o\u017ceniach wida\u0107 tak\u017ce odr\u0119bne traktowanie najmniejszych podmiot\u00f3w, kt\u00f3re maj\u0105 wej\u015b\u0107 w obowi\u0105zek p\u00f3\u017aniej, od 1 stycznia 2027 r., przy bardzo niskiej skali miesi\u0119cznego fakturowania. Dla cz\u0119\u015bci grup kapita\u0142owych i sp\u00f3\u0142ek us\u0142ugowych ma to znaczenie w ocenie, jak b\u0119dzie wygl\u0105da\u0142 obieg faktur w relacji z najmniejszymi podwykonawcami.<\/p>\n<h2 data-start=\"9809\" data-end=\"9918\">Sankcje i obowi\u0105zki \u201eoko\u0142o-KSeF\u201d: kiedy realnie zaczyna si\u0119 ryzyko kar i dodatkowych wymog\u00f3w ewidencyjnych<\/h2>\n<p data-start=\"9920\" data-end=\"10433\">W pocz\u0105tkowym okresie obowi\u0105zywania obligatoryjnego KSeF zak\u0142ada si\u0119, \u017ce sankcje za niedope\u0142nienie obowi\u0105zk\u00f3w nie b\u0119d\u0105 stosowane od razu, a maj\u0105 wej\u015b\u0107 dopiero od 1 sierpnia 2026 r. To istotne, poniewa\u017c 2026 r. jest faktycznie rokiem wdro\u017ceniowym, ale nie jest to \u201ebezterminowa strefa buforowa\u201d. Najbezpieczniej jest projektowa\u0107 procesy tak, jakby od sierpnia mia\u0142y by\u0107 oceniane w re\u017cimie pe\u0142nej zgodno\u015bci, zw\u0142aszcza je\u017celi sp\u00f3\u0142ka pracuje w B2B i ma wielu kontrahent\u00f3w wymagaj\u0105cych terminowo\u015bci i przewidywalno\u015bci.<\/p>\n<p data-start=\"10435\" data-end=\"10829\">Podobnie wygl\u0105da to z obowi\u0105zkami ewidencyjnymi. Zak\u0142ada si\u0119, \u017ce w okresie od 1 lutego 2026 r. do 31 lipca 2026 r. podatnicy nie b\u0119d\u0105 musieli wykazywa\u0107 numeru KSeF faktury w ewidencji sprzeda\u017cy, a obowi\u0105zek ten ma zacz\u0105\u0107 funkcjonowa\u0107 od sierpnia 2026 r. Warto to uwzgl\u0119dni\u0107 w planie integracji i w konfiguracji system\u00f3w ksi\u0119gowych, aby p\u00f3\u017aniejsza zmiana nie by\u0142a kolejnym \u201eprojektem na szybko\u201d.<\/p>\n<h2 data-start=\"10831\" data-end=\"10924\">Co powinna zrobi\u0107 sp\u00f3\u0142ka \u201ena ju\u017c\u201d, \u017ceby 1 lutego 2026 nie zaskoczy\u0142 jej w obiegu zakupowym<\/h2>\n<p data-start=\"10926\" data-end=\"11666\">Najbardziej pragmatyczna kolejno\u015b\u0107 dzia\u0142a\u0144 wygl\u0105da nast\u0119puj\u0105co. Najpierw sp\u00f3\u0142ka powinna zapewni\u0107 zdolno\u015b\u0107 odbioru faktur od 1 lutego 2026 r., poniewa\u017c ten element dotyczy r\u00f3wnie\u017c tych podmiot\u00f3w, kt\u00f3re wystawianie rozpoczn\u0105 p\u00f3\u017aniej. Nast\u0119pnie trzeba uporz\u0105dkowa\u0107 uprawnienia i odpowiedzialno\u015bci w sp\u00f3\u0142ce, czyli ustali\u0107, kto jest administratorem w KSeF, kto ma prawo wystawia\u0107 faktury, kto ma prawo je przegl\u0105da\u0107, jak wygl\u0105da kontrola nadu\u017cy\u0107 oraz jak przebiega procedura odbierania uprawnie\u0144 przy zmianach personalnych lub zmianie biura rachunkowego. Na ko\u0144cu nale\u017cy dopi\u0105\u0107 integracj\u0119 narz\u0119dzi i procedury dotycz\u0105ce korekt oraz tryb\u00f3w offline, bo to one najcz\u0119\u015bciej decyduj\u0105 o tym, czy w newralgicznych momentach firma \u201edzia\u0142a\u201d, czy \u201estaje\u201d.<\/p>\n","protected":false},"excerpt":{"rendered":"<p>Krajowy System e-Faktur (KSeF) przenosi faktur\u0119 z obiegu \u201eplikowego\u201d, w kt\u00f3rym dokument najcz\u0119\u015bciej kr\u0105\u017cy jako PDF wysy\u0142any mailem, do obiegu \u201esystemowego\u201d. W tym modelu faktura staje si\u0119 rekordem w centralnej bazie Ministerstwa Finans\u00f3w. Orygina\u0142em przestaje by\u0107 wydruk czy plik PDF, a staje si\u0119 nim ustrukturyzowany plik XML przechowywany w infrastrukturze MF, natomiast PDF jest jedynie [&hellip;]<\/p>\n","protected":false},"author":3,"featured_media":12646,"comment_status":"closed","ping_status":"closed","sticky":false,"template":"","format":"standard","meta":{"_acf_changed":false,"footnotes":""},"categories":[1],"tags":[],"class_list":["post-12642","post","type-post","status-publish","format-standard","has-post-thumbnail","hentry","category-bez-kategorii"],"acf":[],"_links":{"self":[{"href":"https:\/\/jztl.pl\/en\/wp-json\/wp\/v2\/posts\/12642","targetHints":{"allow":["GET"]}}],"collection":[{"href":"https:\/\/jztl.pl\/en\/wp-json\/wp\/v2\/posts"}],"about":[{"href":"https:\/\/jztl.pl\/en\/wp-json\/wp\/v2\/types\/post"}],"author":[{"embeddable":true,"href":"https:\/\/jztl.pl\/en\/wp-json\/wp\/v2\/users\/3"}],"replies":[{"embeddable":true,"href":"https:\/\/jztl.pl\/en\/wp-json\/wp\/v2\/comments?post=12642"}],"version-history":[{"count":2,"href":"https:\/\/jztl.pl\/en\/wp-json\/wp\/v2\/posts\/12642\/revisions"}],"predecessor-version":[{"id":12650,"href":"https:\/\/jztl.pl\/en\/wp-json\/wp\/v2\/posts\/12642\/revisions\/12650"}],"wp:featuredmedia":[{"embeddable":true,"href":"https:\/\/jztl.pl\/en\/wp-json\/wp\/v2\/media\/12646"}],"wp:attachment":[{"href":"https:\/\/jztl.pl\/en\/wp-json\/wp\/v2\/media?parent=12642"}],"wp:term":[{"taxonomy":"category","embeddable":true,"href":"https:\/\/jztl.pl\/en\/wp-json\/wp\/v2\/categories?post=12642"},{"taxonomy":"post_tag","embeddable":true,"href":"https:\/\/jztl.pl\/en\/wp-json\/wp\/v2\/tags?post=12642"}],"curies":[{"name":"wp","href":"https:\/\/api.w.org\/{rel}","templated":true}]}}